{"id":158,"date":"2025-09-15T20:20:33","date_gmt":"2025-09-15T20:20:33","guid":{"rendered":"https:\/\/massvoll-wirtschaften.de\/?p=158"},"modified":"2025-09-17T13:40:11","modified_gmt":"2025-09-17T13:40:11","slug":"be4energy-gmbh-mit-smarter-technik-die-energiewende-vorantreiben","status":"publish","type":"post","link":"https:\/\/massvoll-wirtschaften.de\/en\/be4energy-gmbh-mit-smarter-technik-die-energiewende-vorantreiben\/","title":{"rendered":"be4energy GmbH \u2013 Driving forward the energy transition with smart technology"},"content":{"rendered":"","protected":false},"excerpt":{"rendered":"","protected":false},"author":1,"featured_media":169,"comment_status":"closed","ping_status":"closed","sticky":false,"template":"","format":"standard","meta":[],"categories":[1],"tags":[],"class_list":["post-158","post","type-post","status-publish","has-post-thumbnail","hentry","category-work"],"grid":"{\r\n  \"colCount\": 12,\r\n  \"colGutter\": 1,\r\n  \"rowGutters\": [\r\n    5,\r\n    5\r\n  ],\r\n  \"frameMargin\": 5,\r\n  \"leftFrameMargin\": 5,\r\n  \"rightFrameMargin\": 5,\r\n  \"topFrameMargin\": 0,\r\n  \"mus\": {\r\n    \"colGutterMu\": \"%\",\r\n    \"rowGutterMu\": \"%\",\r\n    \"topFrameMu\": \"px\",\r\n    \"bottomFrameMu\": \"%\",\r\n    \"frameMu\": \"%\"\r\n  },\r\n  \"bottomFrameMargin\": 5,\r\n  \"rowAttrs\": [\r\n    {\r\n      \"relid\": 3\r\n    },\r\n    {\r\n      \"relid\": 5\r\n    },\r\n    {\r\n      \"relid\": 1\r\n    }\r\n  ],\r\n  \"bgColor\": null,\r\n  \"bgImage\": null,\r\n  \"cont\": [\r\n    {\r\n      \"type\": \"text\",\r\n      \"cont\": \"<p class=\\\"_Medium\\\"><span style=\\\"color: #000000;\\\">be4energy GmbH \u2013 Mit smarter Technik die Energiewende vorantreiben<\/span><\/p><p>\u00a0<\/p><p><span><span style=\\\"color: #ffffff;\\\">Seit rund einem Jahrzehnt arbeitet be4energy aus Berlin daran, Energieversorgung dezentral, nachhaltig und teilhabeorientiert zu gestalten. Die be4energy GmbH entwickelt daf\u00fcr innovative Hardware- und Softwarel\u00f6sungen, die erneuerbare Energieanlagen flexibel mit dem Stromnetz und dem Energiemarkt verkn\u00fcpfen.<\/span> <\/span><\/p>\",\r\n      \"align\": \"top\",\r\n      \"row\": 0,\r\n      \"col\": 3,\r\n      \"colspan\": 6,\r\n      \"offsetx\": 0,\r\n      \"offsety\": 0,\r\n      \"spaceabove\": 15,\r\n      \"spacebelow\": 0,\r\n      \"yvel\": 1,\r\n      \"push\": 3,\r\n      \"relid\": 4,\r\n      \"absolute_position\": false,\r\n      \"textAnimation\": {\r\n        \"enableTextAnimation\": false\r\n      }\r\n    },\r\n    {\r\n      \"type\": \"img\",\r\n      \"cont\": \"\/wp-content\/uploads\/2025\/09\/Foto_be4energy_Kampagne_GWU_square.jpg\",\r\n      \"align\": \"middle\",\r\n      \"row\": 1,\r\n      \"col\": 3,\r\n      \"colspan\": 6,\r\n      \"offsetx\": 0,\r\n      \"offsety\": 0,\r\n      \"spaceabove\": 0,\r\n      \"spacebelow\": 0,\r\n      \"yvel\": 1,\r\n      \"push\": 3,\r\n      \"relid\": 6,\r\n      \"attid\": 169,\r\n      \"sizes\": {\r\n        \"full\": \"\/wp-content\/uploads\/2025\/09\/Foto_be4energy_Kampagne_GWU_square.jpg\",\r\n        \"_768\": \"\/wp-content\/uploads\/2025\/09\/Foto_be4energy_Kampagne_GWU_square-768x768.jpg\",\r\n        \"_512\": \"\/wp-content\/uploads\/2025\/09\/Foto_be4energy_Kampagne_GWU_square-512x512.jpg\",\r\n        \"_265\": \"\/wp-content\/uploads\/2025\/09\/Foto_be4energy_Kampagne_GWU_square-265x265.jpg\"\r\n      },\r\n      \"w\": 1000,\r\n      \"h\": 1000,\r\n      \"ar\": 1,\r\n      \"alt\": \"\",\r\n      \"absolute_position\": false\r\n    },\r\n    {\r\n      \"type\": \"text\",\r\n      \"cont\": \"<p class=\\\"_CapsSmall\\\"><span>INTERVIEWERIN<\/span><\/p><p><span>Was macht denn euer Unternehmen zu einem suffizienzorientierten Unternehmen?<\/span><\/p><p><span>\u00a0<\/span><\/p><p class=\\\"_CapsSmall\\\"><span>b4energy<\/span><\/p><p><span>Wir haben uns viele Gedanken \u00fcber die Langlebigkeit unserer Produkte gemacht \u2013 insbesondere bei der Hardware. Unser Ziel ist es, sie so lange wie m\u00f6glich im Einsatz zu halten. Daf\u00fcr setzen wir auf drei Dinge: Bereits beim Design achten wir auf Robustheit und Industriequalit\u00e4t. Zweitens: Wir bieten Reparaturen an \u2013 bei einem Defekt kann das Ger\u00e4t eingeschickt werden, wir pr\u00fcfen es, ersetzen defekte Komponenten und senden es wieder zur\u00fcck. Und drittens: Wir nehmen Altger\u00e4te zur\u00fcck \u2013 nicht zum Verschrotten, sondern zum Ausschlachten. Noch funktionsf\u00e4hige Teile nutzen wir f\u00fcr Reparaturen oder stellen daraus general\u00fcberholte Ger\u00e4te her, die wieder in den Umlauf kommen.<\/span><\/p><p><span>\u00a0<\/span><\/p><p class=\\\"_Medium\\\" style=\\\"padding-left: 40px;\\\"><span style=\\\"color: #ffffff;\\\">\\\"Unser Ziel ist es, sie so lange wie m\u00f6glich im Einsatz zu halten.\\\"<\/span><\/p><p>\u00a0<\/p><p class=\\\"_CapsSmall\\\"><span>INTERVIEWERIN<\/span><\/p><p><span>Gab es einen Ausl\u00f6ser oder ein bestimmtes Ereignis, woraufhin ihr mit Suffizienz-Ma\u00dfnahmen begonnen habt?<\/span><\/p><p><span>\u00a0<\/span><\/p><p class=\\\"_CapsSmall\\\"><span>B4energy<\/span><\/p><p><span>Ich w\u00fcrde sagen, das war bei uns von Anfang an angelegt \u2013 es steckt in der DNA der Firma. Uns gibt\u2019s jetzt seit zehn Jahren, und die Gr\u00fcnder hatten schon damals eine klare Haltung: ein bisschen links-gr\u00fcn, wie man so sagt. Wir wollten etwas Sinnvolles tun, und mit erneuerbaren Energien in der gr\u00fcnen Branche unterwegs zu sein, f\u00fchlte sich einfach richtig an.<\/span><\/p><p>\u00a0<\/p><p><span>\u00dcber die Gemeinwohl\u00f6konomie sind wir dann zu einer systematischeren Herangehensweise gekommen. Seitdem begleitet uns die Frage: Wie k\u00f6nnen wir uns als Unternehmen kontinuierlich weiterentwickeln und verbessern?<\/span><\/p><p><span>\u00a0<\/span><\/p><p class=\\\"_CapsSmall\\\"><span>INTERVIEWERIN<\/span><\/p><p><span>Abschlussfrage. Was hat euer Unternehmen durch den Suffizienzfokus <\/span><span>gewonnen?<\/span><\/p><p><span>\u00a0<\/span><\/p><p class=\\\"_CapsSmall\\\"><span>B4energy<\/span><\/p><p><span>Spannendere Mittagspausen. Aus unternehmerischer Sicht hatten wir tats\u00e4chlich einen Vorteil \u00fcber die Problematik der Nichtverf\u00fcgbarkeit von Komponenten. Wie viele andere hatten auch wir mit Engp\u00e4ssen zu k\u00e4mpfen. Aber weil wir reparieren konnten, weil wir eine gute Lagerhaltung hatten und flexibel waren, konnten wir Kund:innen versorgen, die woanders nichts mehr bekommen haben. Das hat uns neue Auftr\u00e4ge gebracht \u2013 nicht, weil wir alles besser gemacht h\u00e4tten als andere, sondern weil unsere Strukturen in dem Moment einfach gut gegriffen haben. Nat\u00fcrlich gab es auch andere, die gut durch diese Zeit gekommen sind. Aber ohne unser Reparaturangebot und unsere vorausschauende Lagerstrategie w\u00e4re es f\u00fcr uns selbst definitiv schwieriger geworden.<\/span><\/p>\",\r\n      \"align\": \"top\",\r\n      \"row\": 2,\r\n      \"col\": 3,\r\n      \"colspan\": 6,\r\n      \"offsetx\": 0,\r\n      \"offsety\": 0,\r\n      \"spaceabove\": 0,\r\n      \"spacebelow\": 0,\r\n      \"yvel\": 1,\r\n      \"push\": 3,\r\n      \"relid\": 2,\r\n      \"absolute_position\": false,\r\n      \"textAnimation\": {\r\n        \"enableTextAnimation\": false\r\n      }\r\n    }\r\n  ]\r\n}","phonegrid":"","_links":{"self":[{"href":"https:\/\/massvoll-wirtschaften.de\/en\/wp-json\/wp\/v2\/posts\/158","targetHints":{"allow":["GET"]}}],"collection":[{"href":"https:\/\/massvoll-wirtschaften.de\/en\/wp-json\/wp\/v2\/posts"}],"about":[{"href":"https:\/\/massvoll-wirtschaften.de\/en\/wp-json\/wp\/v2\/types\/post"}],"author":[{"embeddable":true,"href":"https:\/\/massvoll-wirtschaften.de\/en\/wp-json\/wp\/v2\/users\/1"}],"replies":[{"embeddable":true,"href":"https:\/\/massvoll-wirtschaften.de\/en\/wp-json\/wp\/v2\/comments?post=158"}],"version-history":[{"count":0,"href":"https:\/\/massvoll-wirtschaften.de\/en\/wp-json\/wp\/v2\/posts\/158\/revisions"}],"wp:featuredmedia":[{"embeddable":true,"href":"https:\/\/massvoll-wirtschaften.de\/en\/wp-json\/wp\/v2\/media\/169"}],"wp:attachment":[{"href":"https:\/\/massvoll-wirtschaften.de\/en\/wp-json\/wp\/v2\/media?parent=158"}],"wp:term":[{"taxonomy":"category","embeddable":true,"href":"https:\/\/massvoll-wirtschaften.de\/en\/wp-json\/wp\/v2\/categories?post=158"},{"taxonomy":"post_tag","embeddable":true,"href":"https:\/\/massvoll-wirtschaften.de\/en\/wp-json\/wp\/v2\/tags?post=158"}],"curies":[{"name":"wp","href":"https:\/\/api.w.org\/{rel}","templated":true}]}}